{"id":25474,"date":"2025-05-13T05:35:15","date_gmt":"2025-05-13T05:35:15","guid":{"rendered":"https:\/\/pilarcontreras.cat\/alimentacion-ayurveda-nutricion-para-el-cuerpo-la-mente-y-el-alma\/"},"modified":"2026-03-10T06:50:16","modified_gmt":"2026-03-10T06:50:16","slug":"alimentacion-ayurveda-nutricion-para-el-cuerpo-la-mente-y-el-alma","status":"publish","type":"post","link":"https:\/\/pilarcontreras.cat\/es\/alimentacion-ayurveda-nutricion-para-el-cuerpo-la-mente-y-el-alma\/","title":{"rendered":"Alimentaci\u00f3n Ayurveda \u2013 Nutrici\u00f3n para el Cuerpo, la Mente y el Alma"},"content":{"rendered":"\t\t<div data-elementor-type=\"wp-post\" data-elementor-id=\"25474\" class=\"elementor elementor-25474 elementor-25363\" data-elementor-post-type=\"post\">\n\t\t\t\t<div class=\"elementor-element elementor-element-52102b3 e-con-full e-flex e-con e-parent\" data-id=\"52102b3\" data-element_type=\"container\" data-e-type=\"container\">\n\t\t<div class=\"elementor-element elementor-element-4aa19ef e-con-full e-flex e-con e-child\" data-id=\"4aa19ef\" data-element_type=\"container\" data-e-type=\"container\">\n\t\t\t\t<div class=\"elementor-element elementor-element-1ce6215 elementor-widget elementor-widget-heading\" data-id=\"1ce6215\" data-element_type=\"widget\" data-e-type=\"widget\" data-widget_type=\"heading.default\">\n\t\t\t\t<div class=\"elementor-widget-container\">\n\t\t\t\t\t<h2 class=\"elementor-heading-title elementor-size-default\">Alimentaci\u00f3n Ayurveda \u2013 Nutrici\u00f3n para el Cuerpo, la Mente y el Alma<\/h2>\t\t\t\t<\/div>\n\t\t\t\t<\/div>\n\t\t<div class=\"elementor-element elementor-element-d47a7f0 e-con-full e-flex e-con e-child\" data-id=\"d47a7f0\" data-element_type=\"container\" data-e-type=\"container\">\n\t\t\t\t<div class=\"elementor-element elementor-element-b7fb6bc elementor-widget elementor-widget-text-editor\" data-id=\"b7fb6bc\" data-element_type=\"widget\" data-e-type=\"widget\" data-widget_type=\"text-editor.default\">\n\t\t\t\t<div class=\"elementor-widget-container\">\n\t\t\t\t\t\t\t\t\t<p>En el Ayurveda, la alimentaci\u00f3n es mucho m\u00e1s que comer: es un acto consciente que armoniza el cuerpo, la mente y el esp\u00edritu. Tu cuerpo es un veh\u00edculo que necesita cuidar con una nutrici\u00f3n adecuada para funcionar al m\u00e1ximo. Los alimentos que consumes no s\u00f3lo afectan a tu salud f\u00edsica, sino tambi\u00e9n a tu estado emocional y espiritual. Cuando comes alimentos frescos llenos de Prana (la fuerza vital), obtienes energ\u00eda, claridad mental y bienestar global.   <\/p><p>La cocina Ayurveda busca satisfacer todos los sentidos. La digesti\u00f3n comienza antes de probar la comida, con los colores, aromas y texturas. Los alimentos se eligen por sus propiedades curativas y para ayudar a mantener un equilibrio interno. Una preparaci\u00f3n hecha con amor e intenci\u00f3n positiva potencia a\u00fan m\u00e1s este efecto, aportando beneficios no s\u00f3lo al cuerpo, sino tambi\u00e9n a la mente y el alma.   <\/p><p>El Ayurveda nos ense\u00f1a que una dieta equilibrada y adaptada a nuestras necesidades individuales es esencial para mantener el cuerpo y la mente en armon\u00eda. Los alimentos no s\u00f3lo nutren el cuerpo, sino que tambi\u00e9n tienen un efecto profundo sobre nuestro estado emocional, mental y espiritual.<br> Si tienes m\u00e1s preguntas o quieres saber c\u00f3mo aplicar estos principios a tu dieta personal, \u00a1estar\u00e9 encantado de ayudarte!  <\/p>\t\t\t\t\t\t\t\t<\/div>\n\t\t\t\t<\/div>\n\t\t\t\t<\/div>\n\t\t\t\t<\/div>\n\t\t\t\t<\/div>\n\t\t\t\t<\/div>\n\t\t","protected":false},"excerpt":{"rendered":"<p>Alimentaci\u00f3n Ayurveda \u2013 Nutrici\u00f3n para el Cuerpo, la Mente y el Alma En el Ayurveda, la alimentaci\u00f3n es mucho m\u00e1s que comer: es un acto consciente que armoniza el cuerpo, la mente y el esp\u00edritu. Tu cuerpo es un veh\u00edculo que necesita cuidar con una nutrici\u00f3n adecuada para funcionar al m\u00e1ximo. Los alimentos que consumes [&hellip;]<\/p>\n","protected":false},"author":1,"featured_media":28298,"comment_status":"closed","ping_status":"open","sticky":false,"template":"elementor_theme","format":"standard","meta":{"footnotes":""},"categories":[44],"tags":[],"class_list":["post-25474","post","type-post","status-publish","format-standard","has-post-thumbnail","hentry","category-salud"],"_links":{"self":[{"href":"https:\/\/pilarcontreras.cat\/es\/wp-json\/wp\/v2\/posts\/25474","targetHints":{"allow":["GET"]}}],"collection":[{"href":"https:\/\/pilarcontreras.cat\/es\/wp-json\/wp\/v2\/posts"}],"about":[{"href":"https:\/\/pilarcontreras.cat\/es\/wp-json\/wp\/v2\/types\/post"}],"author":[{"embeddable":true,"href":"https:\/\/pilarcontreras.cat\/es\/wp-json\/wp\/v2\/users\/1"}],"replies":[{"embeddable":true,"href":"https:\/\/pilarcontreras.cat\/es\/wp-json\/wp\/v2\/comments?post=25474"}],"version-history":[{"count":2,"href":"https:\/\/pilarcontreras.cat\/es\/wp-json\/wp\/v2\/posts\/25474\/revisions"}],"predecessor-version":[{"id":30824,"href":"https:\/\/pilarcontreras.cat\/es\/wp-json\/wp\/v2\/posts\/25474\/revisions\/30824"}],"wp:featuredmedia":[{"embeddable":true,"href":"https:\/\/pilarcontreras.cat\/es\/wp-json\/wp\/v2\/media\/28298"}],"wp:attachment":[{"href":"https:\/\/pilarcontreras.cat\/es\/wp-json\/wp\/v2\/media?parent=25474"}],"wp:term":[{"taxonomy":"category","embeddable":true,"href":"https:\/\/pilarcontreras.cat\/es\/wp-json\/wp\/v2\/categories?post=25474"},{"taxonomy":"post_tag","embeddable":true,"href":"https:\/\/pilarcontreras.cat\/es\/wp-json\/wp\/v2\/tags?post=25474"}],"curies":[{"name":"wp","href":"https:\/\/api.w.org\/{rel}","templated":true}]}}